{"id":247,"global_id":"museikon.ro\/en?id=247","global_id_lineage":["museikon.ro\/en?id=247"],"author":"1","status":"publish","date":"2026-06-01 14:33:29","date_utc":"2026-06-01 11:33:29","modified":"2026-06-01 14:36:58","modified_utc":"2026-06-01 11:36:58","url":"https:\/\/museikon.ro\/en\/eveniment\/expozitia-meta-argus\/","rest_url":"https:\/\/museikon.ro\/en\/wp-json\/tribe\/events\/v1\/events\/247","title":"Expozitia META-ARGUS","description":"<div dir=\"auto\">Vernisajul expozi\u021biei de fotografie \u201eMETA\u2013ARGUS\u201d, semnat\u0103 de Vasile S\u00e2rb, a avut loc \u00een data de 27 mai 2026 la ora 17:00, \u00eentr-o atmosfer\u0103 aparte, al\u0103turi de invitatul special Dorel G\u0103in\u0103.<\/div>\n<div dir=\"auto\">Prof. Univ. Dr. Dorel G\u0103in\u0103 a sus\u021binut un discurs despre universul artistic \u0219i valoarea lucr\u0103rilor expuse, oferind publicului o perspectiv\u0103 profund\u0103 asupra crea\u021biei fotografice semnate de Vasile S\u00e2rb.<\/div>\n<p>&nbsp;<\/p>\n<p><iframe loading=\"lazy\" style=\"border: none; overflow: hidden;\" src=\"https:\/\/www.facebook.com\/plugins\/video.php?height=314&amp;href=https%3A%2F%2Fwww.facebook.com%2Freel%2F1443840584160223%2F&amp;show_text=false&amp;width=560&amp;t=0\" width=\"560\" height=\"314\" frameborder=\"0\" scrolling=\"no\" allowfullscreen=\"allowfullscreen\"><\/iframe><\/p>","excerpt":"","slug":"expozitia-meta-argus","image":{"url":"https:\/\/museikon.ro\/wp-content\/uploads\/2026\/06\/IMG-20260521-WA0036.jpg","id":248,"extension":"jpg","width":1131,"height":1600,"filesize":261006,"sizes":{"medium":{"width":212,"height":300,"mime-type":"image\/jpeg","filesize":15330,"url":"https:\/\/museikon.ro\/wp-content\/uploads\/2026\/06\/IMG-20260521-WA0036-212x300.jpg"},"large":{"width":724,"height":1024,"mime-type":"image\/jpeg","filesize":92581,"url":"https:\/\/museikon.ro\/wp-content\/uploads\/2026\/06\/IMG-20260521-WA0036-724x1024.jpg"},"thumbnail":{"width":150,"height":150,"mime-type":"image\/jpeg","filesize":6577,"url":"https:\/\/museikon.ro\/wp-content\/uploads\/2026\/06\/IMG-20260521-WA0036-150x150.jpg"},"medium_large":{"width":768,"height":1086,"mime-type":"image\/jpeg","filesize":100344,"url":"https:\/\/museikon.ro\/wp-content\/uploads\/2026\/06\/IMG-20260521-WA0036-768x1086.jpg"},"1536x1536":{"width":1086,"height":1536,"mime-type":"image\/jpeg","filesize":162469,"url":"https:\/\/museikon.ro\/wp-content\/uploads\/2026\/06\/IMG-20260521-WA0036-1086x1536.jpg"}}},"all_day":false,"start_date":"2026-05-27 17:00:00","start_date_details":{"year":"2026","month":"05","day":"27","hour":"17","minutes":"00","seconds":"00"},"end_date":"2026-05-27 20:00:00","end_date_details":{"year":"2026","month":"05","day":"27","hour":"20","minutes":"00","seconds":"00"},"utc_start_date":"2026-05-27 14:00:00","utc_start_date_details":{"year":"2026","month":"05","day":"27","hour":"14","minutes":"00","seconds":"00"},"utc_end_date":"2026-05-27 17:00:00","utc_end_date_details":{"year":"2026","month":"05","day":"27","hour":"17","minutes":"00","seconds":"00"},"timezone":"Europe\/Bucharest","timezone_abbr":"EEST","cost":"","cost_details":{"currency_symbol":"lei","currency_code":"RON","currency_position":"prefix","values":[]},"website":"","show_map":true,"show_map_link":true,"hide_from_listings":false,"sticky":true,"featured":true,"categories":[{"name":"Evenimente","slug":"evenimente","term_group":0,"term_taxonomy_id":13,"taxonomy":"tribe_events_cat","description":"","parent":0,"count":2,"filter":"raw","id":13,"urls":{"self":"https:\/\/museikon.ro\/en\/wp-json\/tribe\/events\/v1\/categories\/13","collection":"https:\/\/museikon.ro\/en\/wp-json\/tribe\/events\/v1\/categories"}}],"tags":[],"venue":[],"organizer":[{"id":249,"author":"1","status":"publish","date":"2026-06-01 14:33:29","date_utc":"2026-06-01 11:33:29","modified":"2026-06-01 14:33:29","modified_utc":"2026-06-01 11:33:29","url":"https:\/\/museikon.ro\/en\/organizer\/museikon-muzeu-de-arta-religioasa\/","organizer":"Museikon \u2013 Muzeu de Art\u0103 Religioas\u0103","slug":"museikon-muzeu-de-arta-religioasa","phone":"0258 813 300","website":"https:\/\/www.museikon.ro","email":"office@museikon.ro","json_ld":{"@type":"Person","name":"Museikon \u2013 Muzeu de Art\u0103 Religioas\u0103","description":"","url":"https:\/\/www.museikon.ro","telephone":"0258 813 300","email":"&#111;f&#102;&#105;ce&#64;&#109;u&#115;&#101;ikon.&#114;&#111;","sameAs":"https:\/\/www.museikon.ro"},"global_id":"museikon.ro\/en?id=249","global_id_lineage":["museikon.ro\/en?id=249"]}],"custom_fields":[],"json_ld":{"@context":"http:\/\/schema.org","@type":"Event","name":"Expozitia META-ARGUS","description":"&lt;p&gt;Vernisajul expozi\u021biei de fotografie \u201eMETA\u2013ARGUS\u201d, semnat\u0103 de Vasile S\u00e2rb, a avut loc \u00een data de 27 mai 2026 la ora 17:00, \u00eentr-o atmosfer\u0103 aparte, al\u0103turi de invitatul special Dorel G\u0103in\u0103. [&hellip;]&lt;\/p&gt;\\n","image":"https:\/\/museikon.ro\/wp-content\/uploads\/2026\/06\/IMG-20260521-WA0036.jpg","url":"https:\/\/museikon.ro\/en\/eveniment\/expozitia-meta-argus\/","eventAttendanceMode":"https:\/\/schema.org\/OfflineEventAttendanceMode","eventStatus":"https:\/\/schema.org\/EventScheduled","startDate":"2026-05-27T17:00:00+03:00","endDate":"2026-05-27T20:00:00+03:00","organizer":{"@type":"Person","name":"Museikon \u2013 Muzeu de Art\u0103 Religioas\u0103","description":"","url":"https:\/\/www.museikon.ro","telephone":"0258 813 300","email":"o&#102;f&#105;&#99;e&#64;mus&#101;&#105;kon&#46;r&#111;","sameAs":"https:\/\/www.museikon.ro"},"performer":"Organization"}}